[{"@context":"https:\/\/schema.org\/","@type":"Article","@id":"https:\/\/www.cideas.cz\/uraz-v-praci-odskodneni\/#Article","mainEntityOfPage":"https:\/\/www.cideas.cz\/uraz-v-praci-odskodneni\/","headline":"\u00daraz v pr\u00e1ci &#8211; od\u0161kodn\u011bn\u00ed","name":"\u00daraz v pr\u00e1ci &#8211; od\u0161kodn\u011bn\u00ed","description":"Obecn\u011b vzato za pracovn\u00ed \u00faraz zam\u011bstnance zodpov\u00edd\u00e1 jeho zam\u011bstnavatel, a\u010dkoli i toto pravidlo se samoz\u0159ejm\u011b [&hellip;]","datePublished":"2021-01-22","dateModified":"2023-04-30","author":{"@type":"Person","@id":"https:\/\/www.cideas.cz\/author\/devene\/#Person","name":"devene","url":"https:\/\/www.cideas.cz\/author\/devene\/","identifier":1,"image":{"@type":"ImageObject","@id":"https:\/\/secure.gravatar.com\/avatar\/2dfb47fe8ef5e1795dc8fdf9fc01f7f6e0de0c5b588d6a35abd2f00b6a65d2be?s=96&d=mm&r=g","url":"https:\/\/secure.gravatar.com\/avatar\/2dfb47fe8ef5e1795dc8fdf9fc01f7f6e0de0c5b588d6a35abd2f00b6a65d2be?s=96&d=mm&r=g","height":96,"width":96}},"publisher":{"@type":"Organization","name":"cideas.cz","logo":{"@type":"ImageObject","@id":"\/logo.png","url":"\/logo.png","width":600,"height":60}},"image":{"@type":"ImageObject","@id":"https:\/\/www.cideas.cz\/wp-content\/uploads\/accident-994004_1280.jpg","url":"https:\/\/www.cideas.cz\/wp-content\/uploads\/accident-994004_1280.jpg","height":0,"width":0},"url":"https:\/\/www.cideas.cz\/uraz-v-praci-odskodneni\/","about":["Podnik\u00e1n\u00ed"],"wordCount":464,"articleBody":"     Obecn\u011b vzato za pracovn\u00ed \u00faraz zam\u011bstnance zodpov\u00edd\u00e1 jeho zam\u011bstnavatel, a\u010dkoli i toto pravidlo se samoz\u0159ejm\u011b neobejde bez v\u00fdjimek. Pokud tedy dojde k \u00farazu pracovn\u00edka, m\u00e1 tento n\u00e1rok na od\u0161kodn\u011bn\u00ed nebo n\u00e1hrady, kter\u00e9 si m\u016f\u017eeme rozd\u011blit do dvou hlavn\u00edch skupin podle toho, kdo tyto n\u00e1hrady dostane. T\u00edm je samoz\u0159ejm\u011b onen zran\u011bn\u00fd zam\u011bstnanec, v tom p\u0159\u00edpad\u011b, \u017ee dojde na nejhor\u0161\u00ed, pak poz\u016fstal\u00e9 osoby po n\u011bm.Mezi od\u0161kodn\u011bn\u00ed n\u00e1le\u017eej\u00edc\u00ed zam\u011bstnanci pat\u0159\u00ed tyto:N\u00e1hrada za ztr\u00e1tu v\u00fdd\u011blku po dobu pracovn\u00ed neschopnostiJde v z\u00e1sad\u011b o to, \u017ee zam\u011bstnanec z d\u016fvodu pracovn\u00edho \u00farazu nem\u016f\u017ee vykon\u00e1vat svou pr\u00e1ci, jako kdy\u017e byl zdrav\u00fd. Jedn\u00e1 se o rozd\u00edl mezi pr\u016fm\u011brn\u00fdm platem zam\u011bstnance p\u0159ed vznikem \u0161kodn\u00e9 ud\u00e1losti a jeho skute\u010dn\u00fdm v\u00fdd\u011blkem po n\u00ed.N\u00e1hrada za ztr\u00e1tu v\u00fdd\u011blku po skon\u010den\u00ed pracovn\u00ed neschopnostiPo \u0161kodn\u00e9 ud\u00e1losti m\u016f\u017ee u zam\u011bstnance vzniknout situace, kdy jsou negativn\u011b ovlivn\u011bny jeho schopnosti a on ji\u017e tuto pr\u00e1ci nem\u016f\u017ee vykon\u00e1vat. N\u00e1hrada tak kompenzuje p\u0159\u00edpadnou ztr\u00e1tu v\u00fdd\u011blku.N\u00e1hrada za bolestJde o n\u00e1hradu t\u011blesn\u00e9 a du\u0161evn\u00ed \u00fajmy, v\u010detn\u011b zp\u016fsoben\u00e9ho stresu \u010di psychick\u00fdch obt\u00ed\u017e\u00ed.N\u00e1hrada za zt\u00ed\u017een\u00ed spole\u010densk\u00e9ho uplatn\u011bn\u00edZt\u00ed\u017een\u00e9 spole\u010densk\u00e9 uplatn\u011bn\u00ed p\u0159edstavuje takov\u00fd stav, kdy je negativn\u011b ovlivn\u011bno zdrav\u00ed fyzick\u00e9 i psychick\u00e9.N\u00e1hrada n\u00e1klad\u016f spojen\u00fdch s l\u00e9\u010den\u00edmV\u011bt\u0161ina l\u00e9\u010debn\u00fdch n\u00e1klad\u016f spad\u00e1 pod ve\u0159ejn\u00e9 zdravotn\u00ed poji\u0161t\u011bn\u00ed, \u010das od \u010dasu ale naraz\u00edme na takov\u00e9, kter\u00e9 tento syst\u00e9m nepropl\u00e1c\u00ed. A p\u0159esn\u011b pro takov\u00e9 p\u0159\u00edpady je tato n\u00e1hrada ur\u010dena.N\u00e1hrada v\u011bcn\u00e9 \u0161kodyM\u016f\u017ee se jednat o po\u0161kozen\u00ed od\u011bvu, obuvi, mobiln\u00edho telefonu a dal\u0161\u00edho vlastnictv\u00ed zam\u011bstnavatele, kter\u00e9 p\u0159i v\u00fdkonu pr\u00e1ce u sebe mohl m\u00edt ze souhlasu zam\u011bstnavatele nebo se jedn\u00e1 o dodate\u010dn\u00e9 n\u00e1klady spojen\u00e9 s \u017eivotem doma po pracovn\u00edm \u00farazu, kdy pracovn\u00edk nesta\u010d\u00ed na v\u011bci, kter\u00e9 jinak vykon\u00e1val s\u00e1m, tud\u00ed\u017e k nim pot\u0159ebuje pomoc jin\u00e9 osoby.Od\u0161kodn\u011bn\u00ed n\u00e1le\u017eej\u00edc\u00ed jin\u00fdm osob\u00e1m v p\u0159\u00edpad\u011b smrti zam\u011bstnance pak lze rozd\u011blit na tyto druhy:N\u00e1hrada n\u00e1klad\u016f spojen\u00fdch s l\u00e9\u010den\u00edm a n\u00e1sledn\u00fdm poh\u0159bemN\u00e1hrada n\u00e1klad\u016f na v\u00fd\u017eivu poz\u016fstal\u00fdchJednor\u00e1zov\u00e9 od\u0161kodn\u011bn\u00ed poz\u016fstal\u00fdchN\u00e1hrada v\u011bcn\u00e9 \u0161kody                                                                                                                                                                                                                                                                                                                                                                                         2.5\/5 - (2 votes)        "},{"@context":"https:\/\/schema.org\/","@type":"BreadcrumbList","itemListElement":[{"@type":"ListItem","position":1,"name":"\u00daraz v pr\u00e1ci &#8211; od\u0161kodn\u011bn\u00ed","item":"https:\/\/www.cideas.cz\/uraz-v-praci-odskodneni\/#breadcrumbitem"}]}]