[{"@context":"https:\/\/schema.org\/","@type":"Article","@id":"https:\/\/www.cideas.cz\/jedna-vestavena-skrin-do-celeho-bytu\/#Article","mainEntityOfPage":"https:\/\/www.cideas.cz\/jedna-vestavena-skrin-do-celeho-bytu\/","headline":"Jedna vestav\u011bn\u00e1 sk\u0159\u00ed\u0148 do cel\u00e9ho bytu","name":"Jedna vestav\u011bn\u00e1 sk\u0159\u00ed\u0148 do cel\u00e9ho bytu","description":"Tak\u00e9 m\u00e1te rozstrkan\u00e9 va\u0161e v\u011bci po cel\u00e9m byt\u011b? M\u00e1te n\u011bco ve sk\u0159\u00edni v lo\u017enici, n\u011bco [&hellip;]","datePublished":"2024-11-05","dateModified":"2024-11-05","author":{"@type":"Person","@id":"https:\/\/www.cideas.cz\/author\/devene\/#Person","name":"devene","url":"https:\/\/www.cideas.cz\/author\/devene\/","identifier":1,"image":{"@type":"ImageObject","@id":"https:\/\/secure.gravatar.com\/avatar\/2dfb47fe8ef5e1795dc8fdf9fc01f7f6e0de0c5b588d6a35abd2f00b6a65d2be?s=96&d=mm&r=g","url":"https:\/\/secure.gravatar.com\/avatar\/2dfb47fe8ef5e1795dc8fdf9fc01f7f6e0de0c5b588d6a35abd2f00b6a65d2be?s=96&d=mm&r=g","height":96,"width":96}},"publisher":{"@type":"Organization","name":"cideas.cz","logo":{"@type":"ImageObject","@id":"\/logo.png","url":"\/logo.png","width":600,"height":60}},"image":{"@type":"ImageObject","@id":"https:\/\/www.cideas.cz\/wp-content\/uploads\/room-9011229_640_5.jpg","url":"https:\/\/www.cideas.cz\/wp-content\/uploads\/room-9011229_640_5.jpg","height":0,"width":0},"url":"https:\/\/www.cideas.cz\/jedna-vestavena-skrin-do-celeho-bytu\/","about":["N\u00e1kupy"],"wordCount":462,"articleBody":"       Tak\u00e9 m\u00e1te rozstrkan\u00e9 va\u0161e v\u011bci po cel\u00e9m byt\u011b? M\u00e1te n\u011bco ve sk\u0159\u00edni v lo\u017enici, n\u011bco v ob\u00fdv\u00e1ku, n\u011bco v pracovn\u011b, n\u011bco v lo\u017enici pod postel\u00ed, n\u011bco ve sklep\u011b a n\u011bco v gar\u00e1\u017ei? Takov\u00fdch lid\u00ed je cel\u00e1 \u0159ada a takto ulo\u017een\u00e9 v\u011bci nesm\u00edrn\u011b komplikuje \u017eivot. Zejm\u00e9na hled\u00e1n\u00edm a pamatov\u00e1n\u00edm si, kde co m\u00e1m. P\u0159edstavte si, \u017ee se venku ochladilo, a \u017ee si chcete obl\u00e9knout teplej\u0161\u00ed mikinu nebo svetr, a tak b\u011b\u017e\u00edte do sk\u0159\u00edn\u011b v lo\u017enici, ale tam po\u017eadovan\u00e9 v\u011bci nenajdete. Napadne v\u00e1s, \u017ee jste sezonn\u00ed mikiny uklidili do vestav\u011bn\u00e9 sk\u0159\u00edn\u011b Sten sk\u0159\u00edn\u011b v p\u0159eds\u00edni, ale tam tak\u00e9 nebude. Nakonec prohled\u00e1te je\u0161t\u011b dal\u0161\u00ed dv\u011b m\u00edsta, na\u010de\u017e mikinu objev\u00edte v \u00falo\u017en\u00e9m prostoru sk\u0159\u00edn\u011b ve sklep\u011b. Prost\u011b se v\u00e1m n\u011bkter\u00e9 oble\u010den\u00ed u\u017e neve\u0161lo do \u0161atn\u00edch sk\u0159\u00edn\u00ed, tak jste jej museli um\u00edstit jinam. Kdo si m\u00e1 ale tohle pamatovat, kdy\u017e prov\u00e1d\u00edte v\u011bt\u0161\u00ed reorganizaci va\u0161ich v\u011bc\u00ed nap\u0159\u00edklad na ja\u0159e s t\u00edm, \u017ee si zapamatujete, kam co d\u00e1v\u00e1te, ale na podzim u\u017e se v\u00e1m to z pam\u011bti vytrat\u00ed a za\u010d\u00edn\u00e1 koloto\u010d pob\u00edh\u00e1n\u00ed sem a tam a zbyte\u010dn\u00e9ho hled\u00e1n\u00ed a ztr\u00e1ty \u010dasu. Nebylo by rozumn\u011bj\u0161\u00ed zbavit se pades\u00e1ti \u00falo\u017en\u00fdch prostor rozestrkan\u00fdch po cel\u00e9m byt\u011b a po\u0159\u00eddit si jednu jedinou sk\u0159\u00ed\u0148 s \u00falo\u017en\u00fdm prostorem, kter\u00e1 bude um\u00edst\u011bn\u00e1 v p\u0159eds\u00edni? Vestav\u011bn\u00e9 sk\u0159\u00edn\u011b na m\u00edru mohou vyplnit cel\u00fd prostor od zem\u011b a\u017e ke stropu a t\u00edm v\u00e1m poskytnou mo\u017enost m\u00edt v\u0161e na jedin\u00e9m m\u00edst\u011b. Tam v\u00e1m pak sta\u010d\u00ed m\u00edt ve sk\u0159\u00edni reg\u00e1l pro ulo\u017een\u00ed skl\u00e1dac\u00edch \u0161tafl\u00ed a a\u017e bude t\u0159eba vyprostit z horn\u00ed \u010d\u00e1sti \u00falo\u017en\u00e9ho prostoru n\u011bjak\u00fd p\u0159edm\u011bt, vyt\u00e1hnete \u0161tafle ven, a b\u011bhem kr\u00e1tk\u00e9 doby je v\u011bc vy\u0159e\u0161ena. Vestavba v p\u0159eds\u00edni je v\u00fdhodn\u00e1 i proto, \u017ee si t\u00edm nezapln\u00edte va\u0161\u00ed lo\u017enici, kter\u00e1 by m\u011bla b\u00fdt pokud mo\u017eno pr\u00e1zdn\u00e1, pouze s no\u010dn\u00edmi stolky. Lo\u017enice nen\u00ed skladi\u0161t\u011b a kdo sp\u00ed ve skladi\u0161ti, m\u00edv\u00e1 no\u010dn\u00ed m\u016fry a \u0161patn\u00e9 sny. Vestavba v p\u0159eds\u00edni m\u016f\u017ee m\u00edt i zrcadla, bude to praktick\u00e9 \u0159e\u0161en\u00ed pr\u00e1v\u011b tam, kde se obl\u00e9k\u00e1te a chyst\u00e1te se j\u00edt ven.                                                                                                                                                                                                                                                                                                                                                                                          5\/5 - (2 votes)        "},{"@context":"https:\/\/schema.org\/","@type":"BreadcrumbList","itemListElement":[{"@type":"ListItem","position":1,"name":"Jedna vestav\u011bn\u00e1 sk\u0159\u00ed\u0148 do cel\u00e9ho bytu","item":"https:\/\/www.cideas.cz\/jedna-vestavena-skrin-do-celeho-bytu\/#breadcrumbitem"}]}]